{"id":579,"date":"2020-12-31T00:00:22","date_gmt":"2020-12-31T03:00:22","guid":{"rendered":"http:\/\/turismoporlahistoria.com\/?p=579"},"modified":"2021-01-26T02:15:00","modified_gmt":"2021-01-26T05:15:00","slug":"las-grutas-el-caribe-patagonico","status":"publish","type":"post","link":"https:\/\/turismoporlahistoria.com\/index.php\/2020\/12\/31\/las-grutas-el-caribe-patagonico\/","title":{"rendered":"Las Grutas: el caribe patag\u00f3nico"},"content":{"rendered":"\n<figure class=\"wp-block-image size-large\"><img loading=\"lazy\" decoding=\"async\" width=\"1200\" height=\"900\" src=\"https:\/\/turismoporlahistoria.com\/wp-content\/uploads\/2020\/12\/Las-Grutas-8.jpg\" alt=\"\" class=\"wp-image-601\" srcset=\"https:\/\/turismoporlahistoria.com\/wp-content\/uploads\/2020\/12\/Las-Grutas-8.jpg 1200w, https:\/\/turismoporlahistoria.com\/wp-content\/uploads\/2020\/12\/Las-Grutas-8-300x225.jpg 300w, https:\/\/turismoporlahistoria.com\/wp-content\/uploads\/2020\/12\/Las-Grutas-8-768x576.jpg 768w\" sizes=\"auto, (max-width: 1200px) 100vw, 1200px\" \/><\/figure>\n\n\n\n<p>En los \u00faltimos a\u00f1os, el peque\u00f1o pueblo de Las Grutas en la costa atl\u00e1ntica de la Patagonia, sum\u00f3 popularidad como destino de vacaciones. Rodeado por el desierto patag\u00f3nico, construido sobre el acantilado y con un fen\u00f3meno de gran amplitud de marea, cada vez m\u00e1s personas eligen este balneario para disfrutar de sus playas. Su ubicaci\u00f3n geogr\u00e1fica hace que el mar sea tranquilo y de temperaturas no tan fr\u00edas para la regi\u00f3n. Por su paisaje y sus aguas, Las Grutas posee fama de ser el caribe del sur.<\/p>\n\n\n\n<p><strong>\u00cdndice:<\/strong><\/p>\n\n\n\n<div id=\"ez-toc-container\" class=\"ez-toc-v2_0_82_2 counter-hierarchy ez-toc-counter ez-toc-custom ez-toc-container-direction\">\n<div class=\"ez-toc-title-container\"><p class=\"ez-toc-title\" style=\"cursor:inherit\"><\/p>\n<\/div><nav><ul class='ez-toc-list ez-toc-list-level-1 ' ><li class='ez-toc-page-1 ez-toc-heading-level-2'><a class=\"ez-toc-link ez-toc-heading-1\" href=\"https:\/\/turismoporlahistoria.com\/index.php\/2020\/12\/31\/las-grutas-el-caribe-patagonico\/#Ubicacion_y_Geografia\" >Ubicaci\u00f3n y Geograf\u00eda<\/a><ul class='ez-toc-list-level-3' ><li class='ez-toc-heading-level-3'><a class=\"ez-toc-link ez-toc-heading-2\" href=\"https:\/\/turismoporlahistoria.com\/index.php\/2020\/12\/31\/las-grutas-el-caribe-patagonico\/#Clima\" >Clima<\/a><\/li><li class='ez-toc-page-1 ez-toc-heading-level-3'><a class=\"ez-toc-link ez-toc-heading-3\" href=\"https:\/\/turismoporlahistoria.com\/index.php\/2020\/12\/31\/las-grutas-el-caribe-patagonico\/#Como_llegar_a_Las_Grutas\" >Como llegar a Las Grutas<\/a><\/li><\/ul><\/li><li class='ez-toc-page-1 ez-toc-heading-level-2'><a class=\"ez-toc-link ez-toc-heading-4\" href=\"https:\/\/turismoporlahistoria.com\/index.php\/2020\/12\/31\/las-grutas-el-caribe-patagonico\/#Breve_historia\" >Breve historia<\/a><\/li><li class='ez-toc-page-1 ez-toc-heading-level-2'><a class=\"ez-toc-link ez-toc-heading-5\" href=\"https:\/\/turismoporlahistoria.com\/index.php\/2020\/12\/31\/las-grutas-el-caribe-patagonico\/#Playas_de_Las_Grutas\" >Playas de Las Grutas<\/a><ul class='ez-toc-list-level-3' ><li class='ez-toc-heading-level-3'><a class=\"ez-toc-link ez-toc-heading-6\" href=\"https:\/\/turismoporlahistoria.com\/index.php\/2020\/12\/31\/las-grutas-el-caribe-patagonico\/#Tercera_bajada\" >Tercera bajada<\/a><\/li><\/ul><\/li><li class='ez-toc-page-1 ez-toc-heading-level-2'><a class=\"ez-toc-link ez-toc-heading-7\" href=\"https:\/\/turismoporlahistoria.com\/index.php\/2020\/12\/31\/las-grutas-el-caribe-patagonico\/#Zona_centrica\" >Zona c\u00e9ntrica<\/a><ul class='ez-toc-list-level-3' ><li class='ez-toc-heading-level-3'><a class=\"ez-toc-link ez-toc-heading-8\" href=\"https:\/\/turismoporlahistoria.com\/index.php\/2020\/12\/31\/las-grutas-el-caribe-patagonico\/#La_noche_en_Las_Grutas\" >La noche en Las Grutas<\/a><\/li><\/ul><\/li><li class='ez-toc-page-1 ez-toc-heading-level-2'><a class=\"ez-toc-link ez-toc-heading-9\" href=\"https:\/\/turismoporlahistoria.com\/index.php\/2020\/12\/31\/las-grutas-el-caribe-patagonico\/#Lugares_de_interes_cercanos_a_Las_Grutas\" >Lugares de inter\u00e9s cercanos a Las Grutas<\/a><ul class='ez-toc-list-level-3' ><li class='ez-toc-heading-level-3'><a class=\"ez-toc-link ez-toc-heading-10\" href=\"https:\/\/turismoporlahistoria.com\/index.php\/2020\/12\/31\/las-grutas-el-caribe-patagonico\/#Hacia_el_Sur\" >Hacia el Sur<\/a><\/li><li class='ez-toc-page-1 ez-toc-heading-level-3'><a class=\"ez-toc-link ez-toc-heading-11\" href=\"https:\/\/turismoporlahistoria.com\/index.php\/2020\/12\/31\/las-grutas-el-caribe-patagonico\/#Hacia_el_Norte\" >Hacia el Norte<\/a><\/li><li class='ez-toc-page-1 ez-toc-heading-level-3'><a class=\"ez-toc-link ez-toc-heading-12\" href=\"https:\/\/turismoporlahistoria.com\/index.php\/2020\/12\/31\/las-grutas-el-caribe-patagonico\/#El_interior_patagonico\" >El interior patag\u00f3nico<\/a><\/li><\/ul><\/li><\/ul><\/nav><\/div>\n<h2 class=\"has-text-align-center wp-block-heading\"><span class=\"ez-toc-section\" id=\"Ubicacion_y_Geografia\"><\/span>Ubicaci\u00f3n y Geograf\u00eda<span class=\"ez-toc-section-end\"><\/span><\/h2>\n\n\n\n<p>Las Grutas se ubica en el norte de la Patagonia Argentina sobre las costas del oc\u00e9ano Atl\u00e1ntico en la provincia de Rio Negro. El balneario se localiza en uno de los m\u00e1rgenes del Golfo San Mat\u00edas, siendo este un golfo con una forma de embudo muy cerrado. Es por ello que <strong>las diferencia del nivel del mar entre la marea baja y alta es pronunciada<\/strong>. En altura, la diferencia de mareas puede llegar a alcanzar los 10 metros. Y si a eso le sumamos la poca pendiente de sus playas, el mar puede alejarse hasta 100 metros de la orilla. <\/p>\n\n\n\n<figure class=\"wp-block-image size-large\"><img loading=\"lazy\" decoding=\"async\" width=\"1200\" height=\"900\" src=\"https:\/\/turismoporlahistoria.com\/wp-content\/uploads\/2020\/12\/Las-Grutas-18.jpg\" alt=\"Vista del mar, donde solo queda una peque\u00f1a franja de playa producto de la suba de la marea, sobre los acantilados se ven construcciones de la ciudad de Las Grutas. \" class=\"wp-image-597\" srcset=\"https:\/\/turismoporlahistoria.com\/wp-content\/uploads\/2020\/12\/Las-Grutas-18.jpg 1200w, https:\/\/turismoporlahistoria.com\/wp-content\/uploads\/2020\/12\/Las-Grutas-18-300x225.jpg 300w, https:\/\/turismoporlahistoria.com\/wp-content\/uploads\/2020\/12\/Las-Grutas-18-768x576.jpg 768w\" sizes=\"auto, (max-width: 1200px) 100vw, 1200px\" \/><figcaption><em>Uno de los miradores de la ciudad, donde se puede ver la crecida de la marea y la desaparici\u00f3n de las playas.<\/em><\/figcaption><\/figure>\n\n\n\n<p>Con la marea baja, quedan al aire largos metros de playas con arena y rocas. El sol calienta estas piedras que son tapadas de nuevo con la marea alta. Las rocas calientan el agua, que por su condici\u00f3n de golfo no encuentran una corriente marina que las renueva. Luego de varios d\u00edas de sol o de altas temperaturas, <strong>el agua del mar elevo su temperatura, alcanzando los 24\u00ba o 25\u00ba C<\/strong>. Sobre las playas de la Grutas se disfruta de un mar levemente mas c\u00e1lido que en las playas del resto de Argentina. <\/p>\n\n\n\n<p>El poblado de 25 mil habitantes se encuentra sobre la costa acantilada de la Patagonia, una caracter\u00edstica casi constante a lo largo de la regi\u00f3n. <strong>Sobre la base del acantilado, se encuentran formaciones geol\u00f3gica, peque\u00f1as cuevas que reciben el nombre de grutas, de all\u00ed el nombre de la ciudad<\/strong>. El paisaje de desierto se debe al clima \u00e1rido, con vientos fuertes y baja humedad, a pesar de encontrarse junto al mar. Los vientos proceden del Pacifico, pero las altas monta\u00f1as de la cordillera de los Andes hacen que descarguen las lluvias sobre ellas, por lo que llegan con poca humedad a la costa del Atl\u00e1ntico. <\/p>\n\n\n\n<div class=\"wp-block-image\"><figure class=\"aligncenter size-large\"><img loading=\"lazy\" decoding=\"async\" width=\"1200\" height=\"896\" src=\"https:\/\/turismoporlahistoria.com\/wp-content\/uploads\/2020\/12\/Las-Grutas-12.jpg\" alt=\"\" class=\"wp-image-598\" srcset=\"https:\/\/turismoporlahistoria.com\/wp-content\/uploads\/2020\/12\/Las-Grutas-12.jpg 1200w, https:\/\/turismoporlahistoria.com\/wp-content\/uploads\/2020\/12\/Las-Grutas-12-300x224.jpg 300w, https:\/\/turismoporlahistoria.com\/wp-content\/uploads\/2020\/12\/Las-Grutas-12-768x573.jpg 768w\" sizes=\"auto, (max-width: 1200px) 100vw, 1200px\" \/><figcaption><em>Las formaciones geol\u00f3gicas en la base de los acantilados, son las que le dan el nombre de Las Grutas a la ciudad. <\/em><\/figcaption><\/figure><\/div>\n\n\n\n<h3 class=\"wp-block-heading\"><span class=\"ez-toc-section\" id=\"Clima\"><\/span>Clima<span class=\"ez-toc-section-end\"><\/span><\/h3>\n\n\n\n<p>Por ubicarse en una zona \u00e1rida, la amplitud t\u00e9rmica es pronunciada, tanto en el d\u00eda como a lo largo del a\u00f1o. El bajo nivel de humedad y su posici\u00f3n en la latitud tan al sur, hacen que el sol caliente mucho la tierra y el agua. Esto genera unas<strong> temperaturas elevadas en verano<\/strong>. Pero a su vez, la falta de humedad genera un enfriamiento durante las noches.<\/p>\n\n\n\n<p>La paci\u00f3n con respecto al ecuador tambi\u00e9n hace que sea amplia las horas de sol a lo largo del a\u00f1o. <strong>En enero, el sol sale del horizonte antes de las 6:00 am y se pone 20:30 hs aproximadamente<\/strong>. Mientras que en junio, el sol llega a salir a las 8:40 hs y logra ponerse a las 17:40 hs.<\/p>\n\n\n\n<ul class=\"wp-block-list\"><li>Temperaturas verano: <ul><li>M\u00e1ximo promedio de 26\u00baC, m\u00e1ximas de hasta 42\u00baC<\/li><li>Mininas promedio 15\u00baC, m\u00ednimas de hasta 6\u00baC<\/li><\/ul><\/li><li>Temperaturas invierno:<ul><li>M\u00e1ximo promedio de 12\u00baC, m\u00e1ximas de hasta 21\u00baC<\/li><li>Mininas promedio 4\u00baC, m\u00ednimas de hasta -5\u00baC<\/li><\/ul><\/li><\/ul>\n\n\n\n<h3 class=\"wp-block-heading\"><span class=\"ez-toc-section\" id=\"Como_llegar_a_Las_Grutas\"><\/span>Como llegar a Las Grutas<span class=\"ez-toc-section-end\"><\/span><\/h3>\n\n\n\n<p>\u00danicamente se puede acceder por carretera, a trav\u00e9s de la Ruta Nacional N\u00ba3. Aunque la cercana ciudad de San Antonio Oeste (15 km) tiene conexi\u00f3n con el Tren Patag\u00f3nico. Tambi\u00e9n cabe decir que en San Antonio Oeste se conecta la Ruta N\u00ba3 con la Ruta Nacional N\u00ba251. Las conexiones a trav\u00e9s de autobuses en frecuente durante los meses de enero y febrero, pero su frecuencia baja el resto del a\u00f1o.<\/p>\n\n\n\n<p><strong>Distancias:<\/strong><br>&#8211; Buenos Aires: 1130 km<br>&#8211; Bah\u00eda Blanca: 455 km<br>&#8211; Rosario: 1300 km<br>&#8211; C\u00f3rdoba: 1200 km<br>&#8211; Bariloche: 957 km<br>&#8211; Viedma: 180 km<\/p>\n\n\n\n<div class=\"wp-block-image\"><figure class=\"aligncenter size-large\"><img loading=\"lazy\" decoding=\"async\" width=\"1200\" height=\"900\" src=\"https:\/\/turismoporlahistoria.com\/wp-content\/uploads\/2020\/12\/Las-Grutas-10.jpg\" alt=\"Una ruta recta se pierde en el fondo del horizonte, al rededor todo plano por el desierto patagonico hacia las Grutas\" class=\"wp-image-596\" srcset=\"https:\/\/turismoporlahistoria.com\/wp-content\/uploads\/2020\/12\/Las-Grutas-10.jpg 1200w, https:\/\/turismoporlahistoria.com\/wp-content\/uploads\/2020\/12\/Las-Grutas-10-300x225.jpg 300w, https:\/\/turismoporlahistoria.com\/wp-content\/uploads\/2020\/12\/Las-Grutas-10-768x576.jpg 768w\" sizes=\"auto, (max-width: 1200px) 100vw, 1200px\" \/><figcaption><em>Una t\u00edpica postal de la carretera patag\u00f3nica, una linea recta atravesando el desierto. <\/em><\/figcaption><\/figure><\/div>\n\n\n\n<h2 class=\"has-text-align-center wp-block-heading\"><span class=\"ez-toc-section\" id=\"Breve_historia\"><\/span>Breve historia<span class=\"ez-toc-section-end\"><\/span><\/h2>\n\n\n\n<p>En el a\u00f1o de 1925, personas de la vecina San Antonio Oeste se dirig\u00edan a las vistas de los altos acantilados de la zona para pasar el d\u00eda. Hab\u00eda algunas casas de ranchos para animales pero muy dispersas entre si. No fue hasta 1939 cuando un grupo de vecinos de San Antonio construyen un bungalow para pasar los d\u00edas y noches. Para 1950 un sindicato ferroviario construye un sal\u00f3n de eventos y el lugar empieza a crecer.<\/p>\n\n\n\n<p>El atractivo del poblado atrae a personalidades como el ministro de asuntos sociales de la provincia,<strong> fundando oficialmente Las Gruta, el 30 de enero de 1960.<\/strong>  Esto fomenta la construcci\u00f3n de casas y ayuda a la administraci\u00f3n publica del lugar. En 1984 se crea una delegaci\u00f3n municipal para la ciudad que lleva adelante la creaci\u00f3n de una sala de primeros auxilios, de una oficina de turismo y el loteo de tierras para la construcci\u00f3n de casas. <\/p>\n\n\n\n<p>Con estas medidas, Las Grutas se posiciona como el <strong>principal balneario de la provincia de Rio Negro<\/strong>. Se asfaltan las calles, en 1988 abre el casino y se crea la calle peatonal. En 1990 se inaugura la torre tanque, que elimina los problemas de conexi\u00f3n con agua potable. El censo de 1991 arroja una poblaci\u00f3n estable de solo 760 personas, pero el del a\u00f1o 2001 dice que viven 2741 personas. Son dos mil personas en menos de diez a\u00f1os. Eso marca el gran ascenso que vivir\u00e1 el poblado. <\/p>\n\n\n\n<div class=\"wp-block-image\"><figure class=\"aligncenter size-large\"><img loading=\"lazy\" decoding=\"async\" width=\"1200\" height=\"900\" src=\"https:\/\/turismoporlahistoria.com\/wp-content\/uploads\/2020\/12\/Las-Grutas-4.jpg\" alt=\"\" class=\"wp-image-599\" srcset=\"https:\/\/turismoporlahistoria.com\/wp-content\/uploads\/2020\/12\/Las-Grutas-4.jpg 1200w, https:\/\/turismoporlahistoria.com\/wp-content\/uploads\/2020\/12\/Las-Grutas-4-300x225.jpg 300w, https:\/\/turismoporlahistoria.com\/wp-content\/uploads\/2020\/12\/Las-Grutas-4-768x576.jpg 768w\" sizes=\"auto, (max-width: 1200px) 100vw, 1200px\" \/><figcaption><em>En la avenida puede notarse que Las Grutas todav\u00eda es una ciudad de edificaciones bajas, aunque esto esta cambiando en los \u00faltimos a\u00f1os. <\/em><\/figcaption><\/figure><\/div>\n\n\n\n<p>Con esa poblaci\u00f3n y la de los turistas, se produce un boom inmobiliario de construcci\u00f3n de casas y edificios bajos de departamentos de alquiler y hoteles. Durante los veranos, muchos j\u00f3venes de la provincia se acercan a Las Grutas para obtener trabajos de verano. El turismo fue creciendo a\u00f1o tras a\u00f1o llegando a recibir <strong>600 mil turistas.<\/strong> Si bien se le quiso dar desde el inicio un estilo mediterr\u00e1neo a la ciudad, que puede verse en el dise\u00f1o decorativo de la venida costanera, en los \u00faltimos a\u00f1os la decoraci\u00f3n est\u00e9tica de Las Grutas ah ido cambiando siguiendo los pedidos de las inmobiliarias, perdiendo una est\u00e9tica com\u00fan para toda la ciudad. <\/p>\n\n\n\n<h2 class=\"has-text-align-center wp-block-heading\"><span class=\"ez-toc-section\" id=\"Playas_de_Las_Grutas\"><\/span>Playas de Las Grutas<span class=\"ez-toc-section-end\"><\/span><\/h2>\n\n\n\n<p>El acceso a los 3 km de playas se realiza por escaleras dese los acantilados que reciben el nombre de <strong>Bajadas<\/strong> y hay nueve en total, las primeras tres reciben nombres y las restantes n\u00fameros. Hay seis paradores que brindan los servicios de balnearios y se ubican en la parte de la playa que no queda bajo el agua en la marea alta. Las horas de sol durante el verano llega a las once horas, por lo que no es raro que las personas se queden hasta bastarte tarde en las playas.<\/p>\n\n\n\n<p>Como se mencion\u00f3, una de las cosas llamativas de la ciudad son las <strong>subidas y bajadas de la marea<\/strong>. Estas ocurren dos veces al d\u00eda y en los accesos de las playas hay carteles con los horarios, incluso algunos hoteles tambi\u00e9n la publican. Si no las conoce, no se preocupe. El salvavidas de la playa camina para avisar cuando retirarse, personas distra\u00eddas tomando sol o sin prestar atenci\u00f3n no notan cuando el agua comienza a subir.<\/p>\n\n\n\n<p>En las bajadas intermedias es donde se encuentran <strong>las grutas, unas  formaciones geogr\u00e1ficas en la base de los acantilados<\/strong> formada por el golpeteo constante de las olas. Pueden medir hasta 3 o 4 metros de alto y 20 de ancho. En las puntas de las playas, donde hay menos arena, se encuentran <strong>restingas<\/strong>. Estas son piedras que la mayor parte del tiempo est\u00e1n bajo el agua. Al bajar la marea estas piedras quedan al aire libre, dejando ver a moluscos, congresos, algas y en algunas zonas hasta peque\u00f1os pulpos. Podemos agregar que por las temperaturas del agua estas son atractivas para los delfines patag\u00f3nicos. Aveces se dejan ver desde la costa.<\/p>\n\n\n\n<p><strong>El proceso de las mareas en im\u00e1genes:<\/strong><\/p>\n\n\n\n<div class=\"wp-block-image\"><figure class=\"aligncenter size-large\"><img loading=\"lazy\" decoding=\"async\" width=\"1200\" height=\"900\" src=\"https:\/\/turismoporlahistoria.com\/wp-content\/uploads\/2020\/12\/Las-Grutas-19.jpg\" alt=\"El mar llega al acantilado de Las grutas y se observan piedras tapadas por el agua\" class=\"wp-image-605\" srcset=\"https:\/\/turismoporlahistoria.com\/wp-content\/uploads\/2020\/12\/Las-Grutas-19.jpg 1200w, https:\/\/turismoporlahistoria.com\/wp-content\/uploads\/2020\/12\/Las-Grutas-19-300x225.jpg 300w, https:\/\/turismoporlahistoria.com\/wp-content\/uploads\/2020\/12\/Las-Grutas-19-768x576.jpg 768w\" sizes=\"auto, (max-width: 1200px) 100vw, 1200px\" \/><figcaption><em>La marea alta hizo desaparecer la playa, llegando las olas hasta el acantilado<\/em><\/figcaption><\/figure><\/div>\n\n\n\n<div class=\"wp-block-image\"><figure class=\"aligncenter size-large\"><img loading=\"lazy\" decoding=\"async\" width=\"1200\" height=\"900\" src=\"https:\/\/turismoporlahistoria.com\/wp-content\/uploads\/2020\/12\/Las-Grutas-5.jpg\" alt=\"Las playas de las grutas salen a la superficie \" class=\"wp-image-604\" srcset=\"https:\/\/turismoporlahistoria.com\/wp-content\/uploads\/2020\/12\/Las-Grutas-5.jpg 1200w, https:\/\/turismoporlahistoria.com\/wp-content\/uploads\/2020\/12\/Las-Grutas-5-300x225.jpg 300w, https:\/\/turismoporlahistoria.com\/wp-content\/uploads\/2020\/12\/Las-Grutas-5-768x576.jpg 768w\" sizes=\"auto, (max-width: 1200px) 100vw, 1200px\" \/><figcaption><em>La marea baja y comienza a aparecer la playa.<\/em><\/figcaption><\/figure><\/div>\n\n\n\n<div class=\"wp-block-image\"><figure class=\"aligncenter size-large\"><img loading=\"lazy\" decoding=\"async\" width=\"1200\" height=\"900\" src=\"https:\/\/turismoporlahistoria.com\/wp-content\/uploads\/2020\/12\/Las-Grutas-16.jpg\" alt=\"\" class=\"wp-image-606\" srcset=\"https:\/\/turismoporlahistoria.com\/wp-content\/uploads\/2020\/12\/Las-Grutas-16.jpg 1200w, https:\/\/turismoporlahistoria.com\/wp-content\/uploads\/2020\/12\/Las-Grutas-16-300x225.jpg 300w, https:\/\/turismoporlahistoria.com\/wp-content\/uploads\/2020\/12\/Las-Grutas-16-768x576.jpg 768w\" sizes=\"auto, (max-width: 1200px) 100vw, 1200px\" \/><figcaption><em>En la zona de restingas, se puede ver el agua irse en forma de cascadas sobre las piedras. <\/em><\/figcaption><\/figure><\/div>\n\n\n\n<div class=\"wp-block-image\"><figure class=\"aligncenter size-large\"><img loading=\"lazy\" decoding=\"async\" width=\"1200\" height=\"900\" src=\"https:\/\/turismoporlahistoria.com\/wp-content\/uploads\/2020\/12\/Las-Grutas-11.jpg\" alt=\"\" class=\"wp-image-607\" srcset=\"https:\/\/turismoporlahistoria.com\/wp-content\/uploads\/2020\/12\/Las-Grutas-11.jpg 1200w, https:\/\/turismoporlahistoria.com\/wp-content\/uploads\/2020\/12\/Las-Grutas-11-300x225.jpg 300w, https:\/\/turismoporlahistoria.com\/wp-content\/uploads\/2020\/12\/Las-Grutas-11-768x576.jpg 768w\" sizes=\"auto, (max-width: 1200px) 100vw, 1200px\" \/><figcaption><em>Las piedras de 5 a 6 metros quedan totalmente bajo el agua en la marea alta. <\/em><\/figcaption><\/figure><\/div>\n\n\n\n<h3 class=\"wp-block-heading\"><span class=\"ez-toc-section\" id=\"Tercera_bajada\"><\/span>Tercera bajada<span class=\"ez-toc-section-end\"><\/span><\/h3>\n\n\n\n<p>Es la principal bajada, ya que es la \u00fanica que cuenta con una rampa, permitiendo la bajada de embarcaciones deportivas. Adem\u00e1s, posee ba\u00f1os p\u00fablicos y se encuentra en el centro de la ciudad. Es la principal \u00e1rea de playa para las <strong>actividades deportivas como kayak, windsurf o pesca. <\/strong>Tambi\u00e9n desde aqu\u00ed es donde salen las excursiones para la realizaci\u00f3n de <strong>buceo<\/strong>, como el que se realiza en el barco hundido Don F\u00e9lix, colocado de manera predeterminada para crear un arrecife artificial.<\/p>\n\n\n\n<div class=\"wp-block-image\"><figure class=\"aligncenter size-large\"><img loading=\"lazy\" decoding=\"async\" width=\"1200\" height=\"900\" src=\"https:\/\/turismoporlahistoria.com\/wp-content\/uploads\/2020\/12\/Las-Grutas-2.jpg\" alt=\"\" class=\"wp-image-603\" srcset=\"https:\/\/turismoporlahistoria.com\/wp-content\/uploads\/2020\/12\/Las-Grutas-2.jpg 1200w, https:\/\/turismoporlahistoria.com\/wp-content\/uploads\/2020\/12\/Las-Grutas-2-300x225.jpg 300w, https:\/\/turismoporlahistoria.com\/wp-content\/uploads\/2020\/12\/Las-Grutas-2-768x576.jpg 768w\" sizes=\"auto, (max-width: 1200px) 100vw, 1200px\" \/><figcaption><em>Las playas por la ma\u00f1ana<\/em>.<\/figcaption><\/figure><\/div>\n\n\n\n<h2 class=\"has-text-align-center wp-block-heading\"><span class=\"ez-toc-section\" id=\"Zona_centrica\"><\/span>Zona c\u00e9ntrica<span class=\"ez-toc-section-end\"><\/span><\/h2>\n\n\n\n<p>La zona c\u00e9ntrica de las Grutas esta dominada por la <strong>Peatonal Viedma<\/strong>. La peatonal corre paralela a la avenida costanera, corre por seis cuadras entre la Primera y Tercera Bajadas, y sobre ella se encuentran los principales negocios y restaurantes. En uno de sus extremos, en la Tercera Bajada, se ubica el casino y en el centro de la peatonal se ubica el teatro loca,  donde se realizan obras durante los veranos. En el otro extremo, se ubica el <strong>Paseo de los Artesanos<\/strong>, creado cuando la ciudad tenia apenas 10 a\u00f1os.<\/p>\n\n\n\n<div class=\"wp-block-image\"><figure class=\"aligncenter size-large\"><img loading=\"lazy\" decoding=\"async\" width=\"1200\" height=\"900\" src=\"https:\/\/turismoporlahistoria.com\/wp-content\/uploads\/2020\/12\/Las-Grutas-25.jpg\" alt=\"\" class=\"wp-image-618\" srcset=\"https:\/\/turismoporlahistoria.com\/wp-content\/uploads\/2020\/12\/Las-Grutas-25.jpg 1200w, https:\/\/turismoporlahistoria.com\/wp-content\/uploads\/2020\/12\/Las-Grutas-25-300x225.jpg 300w, https:\/\/turismoporlahistoria.com\/wp-content\/uploads\/2020\/12\/Las-Grutas-25-768x576.jpg 768w\" sizes=\"auto, (max-width: 1200px) 100vw, 1200px\" \/><figcaption><em>La modesta capilla de la ciudad se ubica en pleno centro<\/em><\/figcaption><\/figure><\/div>\n\n\n\n<p>El punto principal del centro es la<strong> fuente de los delfines<\/strong>. All\u00ed se re\u00fanen artistas callejeros de todas las ramas, negocios, el Banco Patagonia con un cajero autom\u00e1tico que funciona todo el a\u00f1o y demas locales. Frente a la fuente se encuentra la capilla de la ciudad y un emblem\u00e1tico hotel, que dio dise\u00f1o a la zona c\u00e9ntrica de la ciudad. <\/p>\n\n\n\n<h3 class=\"wp-block-heading\"><span class=\"ez-toc-section\" id=\"La_noche_en_Las_Grutas\"><\/span>La noche en Las Grutas<span class=\"ez-toc-section-end\"><\/span><\/h3>\n\n\n\n<p>Luego de la cena, las grutas presenta una variedad para todos los gustos. Algunos prefieren ir hacia el casino, otros a los paradores de las playas que durante las noches se convierten en pub. Adem\u00e1s hay de dos discotecas que se encuentran en la Tercera Bajada. Para los m\u00e1s chicos hay algunos locales de los cl\u00e1sicos juegos electr\u00f3nicos.<\/p>\n\n\n\n<div class=\"wp-block-image\"><figure class=\"aligncenter size-large\"><img loading=\"lazy\" decoding=\"async\" width=\"1200\" height=\"900\" src=\"https:\/\/turismoporlahistoria.com\/wp-content\/uploads\/2020\/12\/Las-Grutas-3.jpg\" alt=\"Fuente de los delfines, con 4 peque\u00f1as esculturas de delfines y 4 chorros de agua en su centro. Las Grutas.\" class=\"wp-image-609\" srcset=\"https:\/\/turismoporlahistoria.com\/wp-content\/uploads\/2020\/12\/Las-Grutas-3.jpg 1200w, https:\/\/turismoporlahistoria.com\/wp-content\/uploads\/2020\/12\/Las-Grutas-3-300x225.jpg 300w, https:\/\/turismoporlahistoria.com\/wp-content\/uploads\/2020\/12\/Las-Grutas-3-768x576.jpg 768w\" sizes=\"auto, (max-width: 1200px) 100vw, 1200px\" \/><figcaption><em>Fuente de los delfines<\/em><\/figcaption><\/figure><\/div>\n\n\n\n<h2 class=\"has-text-align-center wp-block-heading\"><span class=\"ez-toc-section\" id=\"Lugares_de_interes_cercanos_a_Las_Grutas\"><\/span>Lugares de inter\u00e9s cercanos a Las Grutas<span class=\"ez-toc-section-end\"><\/span><\/h2>\n\n\n\n<p>Realizando excursiones con agencias o con autos propios por rutas de asfalto y ripio se pude realizar una variedad de recorridas. Algunas excursiones son a lugares donde hay bancos de arena y piedras, pero tambi\u00e9n poblados. Estas permiten disfrutar de playas con poca gente y ver los paisajes naturales de la Patagonia. <\/p>\n\n\n\n<h3 class=\"wp-block-heading\"><span class=\"ez-toc-section\" id=\"Hacia_el_Sur\"><\/span>Hacia el Sur<span class=\"ez-toc-section-end\"><\/span><\/h3>\n\n\n\n<p>En menos de 50 km se puede disfrutar de formaciones geol\u00f3gicas como <strong>Fuerte Argentino<\/strong>, una meseta con vistas panor\u00e1micas y avistajes de aves. En <strong>Piedras Coloradas<\/strong> hay formaciones rocosas de 500 millones de a\u00f1os junto a las playas. Es un lugar muy elegido para realizar cabalgatas. <\/p>\n\n\n\n<h3 class=\"wp-block-heading\"><span class=\"ez-toc-section\" id=\"Hacia_el_Norte\"><\/span>Hacia el Norte<span class=\"ez-toc-section-end\"><\/span><\/h3>\n\n\n\n<p>A solo 17 km se encuentra <strong>San Antonio Oeste<\/strong>, capital del municipio al cual pertenece Las Grutas. Esto la hace una ciudad un poco m\u00e1s grande y m\u00e1s vieja. Es ideal para un paseo por la tarde o para almorzar en un lugar diferente. Se aprecia su arquitectura y vistas al golfo. Tambi\u00e9n posee sus playas, que por su fisonom\u00eda son de aguas muy tranquilas y a veces m\u00e1s c\u00e1lidas que Las Grutas. Puede comentarse tambi\u00e9n que desde Las grutas se ve en el horizonte a esta ciudad, sobre todo a la gran fabrica de bicarbonato de sodio, la mayor de Sudam\u00e9rica, que da empleo a una gran cantidad de personas en San Antonio.<\/p>\n\n\n\n<div class=\"wp-block-image\"><figure class=\"aligncenter size-large\"><img loading=\"lazy\" decoding=\"async\" width=\"1200\" height=\"900\" src=\"https:\/\/turismoporlahistoria.com\/wp-content\/uploads\/2020\/12\/Las-Grutas-6.jpg\" alt=\"\" class=\"wp-image-602\" srcset=\"https:\/\/turismoporlahistoria.com\/wp-content\/uploads\/2020\/12\/Las-Grutas-6.jpg 1200w, https:\/\/turismoporlahistoria.com\/wp-content\/uploads\/2020\/12\/Las-Grutas-6-300x225.jpg 300w, https:\/\/turismoporlahistoria.com\/wp-content\/uploads\/2020\/12\/Las-Grutas-6-768x576.jpg 768w\" sizes=\"auto, (max-width: 1200px) 100vw, 1200px\" \/><figcaption><em>En el horizonte desde Las Grutas se pueden ver construcciones sobre San Antonio Oeste.<\/em><\/figcaption><\/figure><\/div>\n\n\n\n<p>Pero el lugar m\u00e1s conocido alrededor de Las Grutas es <strong>Punta Perdices<\/strong>. Ubicada a 60 km del balneario grutense cerca de San Antonio Este, esta punta geogr\u00e1fica recibi\u00f3 el nombre de Caribe Patag\u00f3nico por el color turquesa de sus aguas. De mar totalmente calmo y aguas c\u00e1lidas. Es ideal para hacer kayak y stand up paddle, deporte que se puso muy de moda \u00faltimamente. Consiste en pararse sobre una tabla de surf y remar. Hay que tener en cuenta que por su condici\u00f3n geogr\u00e1fica y lejan\u00eda, solo se llega por ruta, no posee balnearios y posee pocos servicios gastron\u00f3micos.<\/p>\n\n\n\n<h3 class=\"wp-block-heading\"><span class=\"ez-toc-section\" id=\"El_interior_patagonico\"><\/span>El interior patag\u00f3nico<span class=\"ez-toc-section-end\"><\/span><\/h3>\n\n\n\n<p>Desde Las Grutas tambi\u00e9n puede conocerse el interior continental. Desde aqu\u00ed se puede llegar a un punto interesante, el <strong>Gran Bajo del Gualicho<\/strong>. Esta es la mayor depresi\u00f3n del hemisferio sur, se ubica hasta 72 metros debajo del nivel del mar. Adem\u00e1s se realizar excursiones para conocer diferentes lugares del desierto patag\u00f3nico. Son muy populares las excursiones que duran hasta entrada la noche. El clima seco y des\u00e9rtico permite realizar una gran observaci\u00f3n del cielo estrellado.<\/p>\n\n\n\n<p>Como siempre, para m\u00e1s informaci\u00f3n recomendamos que consulte la pagina oficial de turismo de cada lugar, la pagina de Las Grutas la pueden consultar haciendo <a href=\"https:\/\/lasgrutasturismo.gob.ar\/\" target=\"_blank\" rel=\"noreferrer noopener\">click aqu\u00ed.<\/a><\/p>\n","protected":false},"excerpt":{"rendered":"<p>Un peque\u00f1o pueblo en la costa de la Patagonia Argentina posee un atractivo \u00fanico para la regi\u00f3n. Un mar de agua c\u00e1lido, con playas y acantilados que convierten a Las Grutas en el principal balneario patag\u00f3nico. <\/p>\n","protected":false},"author":1,"featured_media":594,"comment_status":"open","ping_status":"open","sticky":false,"template":"","format":"standard","meta":{"footnotes":""},"categories":[3,4,29],"tags":[14,33,6,31,28,32],"class_list":["post-579","post","type-post","status-publish","format-standard","has-post-thumbnail","hentry","category-argentina","category-geografia","category-patagonia","tag-argentina","tag-balnearios","tag-caribe","tag-las-grutas","tag-patagonia","tag-playas"],"yoast_head":"<!-- This site is optimized with the Yoast SEO plugin v27.4 - https:\/\/yoast.com\/product\/yoast-seo-wordpress\/ -->\n<title>Las Grutas: el caribe patag\u00f3nico - Turismo por la historia<\/title>\n<meta name=\"description\" content=\"Las grutas es el principal balneario de la Patagonia argentina. Por sus playas y paisajes se la conoce como el caribe patagonico.\" \/>\n<meta name=\"robots\" content=\"index, follow, max-snippet:-1, max-image-preview:large, max-video-preview:-1\" \/>\n<link rel=\"canonical\" href=\"https:\/\/turismoporlahistoria.com\/index.php\/2020\/12\/31\/las-grutas-el-caribe-patagonico\/\" \/>\n<meta property=\"og:locale\" content=\"es_ES\" \/>\n<meta property=\"og:type\" content=\"article\" \/>\n<meta property=\"og:title\" content=\"Las Grutas: el caribe patag\u00f3nico - Turismo por la historia\" \/>\n<meta property=\"og:description\" content=\"Las grutas es el principal balneario de la Patagonia argentina. Por sus playas y paisajes se la conoce como el caribe patagonico.\" \/>\n<meta property=\"og:url\" content=\"https:\/\/turismoporlahistoria.com\/index.php\/2020\/12\/31\/las-grutas-el-caribe-patagonico\/\" \/>\n<meta property=\"og:site_name\" content=\"Turismo por la historia\" \/>\n<meta property=\"article:published_time\" content=\"2020-12-31T03:00:22+00:00\" \/>\n<meta property=\"article:modified_time\" content=\"2021-01-26T05:15:00+00:00\" \/>\n<meta property=\"og:image\" content=\"https:\/\/turismoporlahistoria.com\/wp-content\/uploads\/2020\/12\/Las-Grutas-9b.jpg\" \/>\n\t<meta property=\"og:image:width\" content=\"1200\" \/>\n\t<meta property=\"og:image:height\" content=\"900\" \/>\n\t<meta property=\"og:image:type\" content=\"image\/jpeg\" \/>\n<meta name=\"author\" content=\"Julio Fernandez\" \/>\n<meta name=\"twitter:card\" content=\"summary_large_image\" \/>\n<meta name=\"twitter:label1\" content=\"Escrito por\" \/>\n\t<meta name=\"twitter:data1\" content=\"Julio Fernandez\" \/>\n\t<meta name=\"twitter:label2\" content=\"Tiempo de lectura\" \/>\n\t<meta name=\"twitter:data2\" content=\"13 minutos\" \/>\n<script type=\"application\/ld+json\" class=\"yoast-schema-graph\">{\"@context\":\"https:\\\/\\\/schema.org\",\"@graph\":[{\"@type\":\"Article\",\"@id\":\"https:\\\/\\\/turismoporlahistoria.com\\\/index.php\\\/2020\\\/12\\\/31\\\/las-grutas-el-caribe-patagonico\\\/#article\",\"isPartOf\":{\"@id\":\"https:\\\/\\\/turismoporlahistoria.com\\\/index.php\\\/2020\\\/12\\\/31\\\/las-grutas-el-caribe-patagonico\\\/\"},\"author\":{\"name\":\"Julio Fernandez\",\"@id\":\"https:\\\/\\\/turismoporlahistoria.com\\\/#\\\/schema\\\/person\\\/ed451a002eab77b23fc32e6ccb2b867f\"},\"headline\":\"Las Grutas: el caribe patag\u00f3nico\",\"datePublished\":\"2020-12-31T03:00:22+00:00\",\"dateModified\":\"2021-01-26T05:15:00+00:00\",\"mainEntityOfPage\":{\"@id\":\"https:\\\/\\\/turismoporlahistoria.com\\\/index.php\\\/2020\\\/12\\\/31\\\/las-grutas-el-caribe-patagonico\\\/\"},\"wordCount\":2294,\"commentCount\":0,\"publisher\":{\"@id\":\"https:\\\/\\\/turismoporlahistoria.com\\\/#\\\/schema\\\/person\\\/ed451a002eab77b23fc32e6ccb2b867f\"},\"image\":{\"@id\":\"https:\\\/\\\/turismoporlahistoria.com\\\/index.php\\\/2020\\\/12\\\/31\\\/las-grutas-el-caribe-patagonico\\\/#primaryimage\"},\"thumbnailUrl\":\"https:\\\/\\\/turismoporlahistoria.com\\\/wp-content\\\/uploads\\\/2020\\\/12\\\/Las-Grutas-9b.jpg\",\"keywords\":[\"argentina\",\"Balnearios\",\"caribe\",\"Las Grutas\",\"Patagonia\",\"Playas\"],\"articleSection\":[\"Argentina\",\"Geografia\",\"Patagonia\"],\"inLanguage\":\"es-AR\",\"potentialAction\":[{\"@type\":\"CommentAction\",\"name\":\"Comment\",\"target\":[\"https:\\\/\\\/turismoporlahistoria.com\\\/index.php\\\/2020\\\/12\\\/31\\\/las-grutas-el-caribe-patagonico\\\/#respond\"]}]},{\"@type\":\"WebPage\",\"@id\":\"https:\\\/\\\/turismoporlahistoria.com\\\/index.php\\\/2020\\\/12\\\/31\\\/las-grutas-el-caribe-patagonico\\\/\",\"url\":\"https:\\\/\\\/turismoporlahistoria.com\\\/index.php\\\/2020\\\/12\\\/31\\\/las-grutas-el-caribe-patagonico\\\/\",\"name\":\"Las Grutas: el caribe patag\u00f3nico - Turismo por la historia\",\"isPartOf\":{\"@id\":\"https:\\\/\\\/turismoporlahistoria.com\\\/#website\"},\"primaryImageOfPage\":{\"@id\":\"https:\\\/\\\/turismoporlahistoria.com\\\/index.php\\\/2020\\\/12\\\/31\\\/las-grutas-el-caribe-patagonico\\\/#primaryimage\"},\"image\":{\"@id\":\"https:\\\/\\\/turismoporlahistoria.com\\\/index.php\\\/2020\\\/12\\\/31\\\/las-grutas-el-caribe-patagonico\\\/#primaryimage\"},\"thumbnailUrl\":\"https:\\\/\\\/turismoporlahistoria.com\\\/wp-content\\\/uploads\\\/2020\\\/12\\\/Las-Grutas-9b.jpg\",\"datePublished\":\"2020-12-31T03:00:22+00:00\",\"dateModified\":\"2021-01-26T05:15:00+00:00\",\"description\":\"Las grutas es el principal balneario de la Patagonia argentina. Por sus playas y paisajes se la conoce como el caribe patagonico.\",\"breadcrumb\":{\"@id\":\"https:\\\/\\\/turismoporlahistoria.com\\\/index.php\\\/2020\\\/12\\\/31\\\/las-grutas-el-caribe-patagonico\\\/#breadcrumb\"},\"inLanguage\":\"es-AR\",\"potentialAction\":[{\"@type\":\"ReadAction\",\"target\":[\"https:\\\/\\\/turismoporlahistoria.com\\\/index.php\\\/2020\\\/12\\\/31\\\/las-grutas-el-caribe-patagonico\\\/\"]}]},{\"@type\":\"ImageObject\",\"inLanguage\":\"es-AR\",\"@id\":\"https:\\\/\\\/turismoporlahistoria.com\\\/index.php\\\/2020\\\/12\\\/31\\\/las-grutas-el-caribe-patagonico\\\/#primaryimage\",\"url\":\"https:\\\/\\\/turismoporlahistoria.com\\\/wp-content\\\/uploads\\\/2020\\\/12\\\/Las-Grutas-9b.jpg\",\"contentUrl\":\"https:\\\/\\\/turismoporlahistoria.com\\\/wp-content\\\/uploads\\\/2020\\\/12\\\/Las-Grutas-9b.jpg\",\"width\":1200,\"height\":900},{\"@type\":\"BreadcrumbList\",\"@id\":\"https:\\\/\\\/turismoporlahistoria.com\\\/index.php\\\/2020\\\/12\\\/31\\\/las-grutas-el-caribe-patagonico\\\/#breadcrumb\",\"itemListElement\":[{\"@type\":\"ListItem\",\"position\":1,\"name\":\"Inicio\",\"item\":\"https:\\\/\\\/turismoporlahistoria.com\\\/\"},{\"@type\":\"ListItem\",\"position\":2,\"name\":\"Las Grutas: el caribe patag\u00f3nico\"}]},{\"@type\":\"WebSite\",\"@id\":\"https:\\\/\\\/turismoporlahistoria.com\\\/#website\",\"url\":\"https:\\\/\\\/turismoporlahistoria.com\\\/\",\"name\":\"Turismo por la historia\",\"description\":\"Blog de viajes, turismo e historias del mundo.\",\"publisher\":{\"@id\":\"https:\\\/\\\/turismoporlahistoria.com\\\/#\\\/schema\\\/person\\\/ed451a002eab77b23fc32e6ccb2b867f\"},\"potentialAction\":[{\"@type\":\"SearchAction\",\"target\":{\"@type\":\"EntryPoint\",\"urlTemplate\":\"https:\\\/\\\/turismoporlahistoria.com\\\/?s={search_term_string}\"},\"query-input\":{\"@type\":\"PropertyValueSpecification\",\"valueRequired\":true,\"valueName\":\"search_term_string\"}}],\"inLanguage\":\"es-AR\"},{\"@type\":[\"Person\",\"Organization\"],\"@id\":\"https:\\\/\\\/turismoporlahistoria.com\\\/#\\\/schema\\\/person\\\/ed451a002eab77b23fc32e6ccb2b867f\",\"name\":\"Julio Fernandez\",\"image\":{\"@type\":\"ImageObject\",\"inLanguage\":\"es-AR\",\"@id\":\"https:\\\/\\\/turismoporlahistoria.com\\\/wp-content\\\/uploads\\\/2020\\\/12\\\/Logo-solo.png\",\"url\":\"https:\\\/\\\/turismoporlahistoria.com\\\/wp-content\\\/uploads\\\/2020\\\/12\\\/Logo-solo.png\",\"contentUrl\":\"https:\\\/\\\/turismoporlahistoria.com\\\/wp-content\\\/uploads\\\/2020\\\/12\\\/Logo-solo.png\",\"width\":196,\"height\":194,\"caption\":\"Julio Fernandez\"},\"logo\":{\"@id\":\"https:\\\/\\\/turismoporlahistoria.com\\\/wp-content\\\/uploads\\\/2020\\\/12\\\/Logo-solo.png\"},\"sameAs\":[\"http:\\\/\\\/turismoporlahistoria.com\"]}]}<\/script>\n<!-- \/ Yoast SEO plugin. -->","yoast_head_json":{"title":"Las Grutas: el caribe patag\u00f3nico - Turismo por la historia","description":"Las grutas es el principal balneario de la Patagonia argentina. Por sus playas y paisajes se la conoce como el caribe patagonico.","robots":{"index":"index","follow":"follow","max-snippet":"max-snippet:-1","max-image-preview":"max-image-preview:large","max-video-preview":"max-video-preview:-1"},"canonical":"https:\/\/turismoporlahistoria.com\/index.php\/2020\/12\/31\/las-grutas-el-caribe-patagonico\/","og_locale":"es_ES","og_type":"article","og_title":"Las Grutas: el caribe patag\u00f3nico - Turismo por la historia","og_description":"Las grutas es el principal balneario de la Patagonia argentina. Por sus playas y paisajes se la conoce como el caribe patagonico.","og_url":"https:\/\/turismoporlahistoria.com\/index.php\/2020\/12\/31\/las-grutas-el-caribe-patagonico\/","og_site_name":"Turismo por la historia","article_published_time":"2020-12-31T03:00:22+00:00","article_modified_time":"2021-01-26T05:15:00+00:00","og_image":[{"width":1200,"height":900,"url":"https:\/\/turismoporlahistoria.com\/wp-content\/uploads\/2020\/12\/Las-Grutas-9b.jpg","type":"image\/jpeg"}],"author":"Julio Fernandez","twitter_card":"summary_large_image","twitter_misc":{"Escrito por":"Julio Fernandez","Tiempo de lectura":"13 minutos"},"schema":{"@context":"https:\/\/schema.org","@graph":[{"@type":"Article","@id":"https:\/\/turismoporlahistoria.com\/index.php\/2020\/12\/31\/las-grutas-el-caribe-patagonico\/#article","isPartOf":{"@id":"https:\/\/turismoporlahistoria.com\/index.php\/2020\/12\/31\/las-grutas-el-caribe-patagonico\/"},"author":{"name":"Julio Fernandez","@id":"https:\/\/turismoporlahistoria.com\/#\/schema\/person\/ed451a002eab77b23fc32e6ccb2b867f"},"headline":"Las Grutas: el caribe patag\u00f3nico","datePublished":"2020-12-31T03:00:22+00:00","dateModified":"2021-01-26T05:15:00+00:00","mainEntityOfPage":{"@id":"https:\/\/turismoporlahistoria.com\/index.php\/2020\/12\/31\/las-grutas-el-caribe-patagonico\/"},"wordCount":2294,"commentCount":0,"publisher":{"@id":"https:\/\/turismoporlahistoria.com\/#\/schema\/person\/ed451a002eab77b23fc32e6ccb2b867f"},"image":{"@id":"https:\/\/turismoporlahistoria.com\/index.php\/2020\/12\/31\/las-grutas-el-caribe-patagonico\/#primaryimage"},"thumbnailUrl":"https:\/\/turismoporlahistoria.com\/wp-content\/uploads\/2020\/12\/Las-Grutas-9b.jpg","keywords":["argentina","Balnearios","caribe","Las Grutas","Patagonia","Playas"],"articleSection":["Argentina","Geografia","Patagonia"],"inLanguage":"es-AR","potentialAction":[{"@type":"CommentAction","name":"Comment","target":["https:\/\/turismoporlahistoria.com\/index.php\/2020\/12\/31\/las-grutas-el-caribe-patagonico\/#respond"]}]},{"@type":"WebPage","@id":"https:\/\/turismoporlahistoria.com\/index.php\/2020\/12\/31\/las-grutas-el-caribe-patagonico\/","url":"https:\/\/turismoporlahistoria.com\/index.php\/2020\/12\/31\/las-grutas-el-caribe-patagonico\/","name":"Las Grutas: el caribe patag\u00f3nico - Turismo por la historia","isPartOf":{"@id":"https:\/\/turismoporlahistoria.com\/#website"},"primaryImageOfPage":{"@id":"https:\/\/turismoporlahistoria.com\/index.php\/2020\/12\/31\/las-grutas-el-caribe-patagonico\/#primaryimage"},"image":{"@id":"https:\/\/turismoporlahistoria.com\/index.php\/2020\/12\/31\/las-grutas-el-caribe-patagonico\/#primaryimage"},"thumbnailUrl":"https:\/\/turismoporlahistoria.com\/wp-content\/uploads\/2020\/12\/Las-Grutas-9b.jpg","datePublished":"2020-12-31T03:00:22+00:00","dateModified":"2021-01-26T05:15:00+00:00","description":"Las grutas es el principal balneario de la Patagonia argentina. Por sus playas y paisajes se la conoce como el caribe patagonico.","breadcrumb":{"@id":"https:\/\/turismoporlahistoria.com\/index.php\/2020\/12\/31\/las-grutas-el-caribe-patagonico\/#breadcrumb"},"inLanguage":"es-AR","potentialAction":[{"@type":"ReadAction","target":["https:\/\/turismoporlahistoria.com\/index.php\/2020\/12\/31\/las-grutas-el-caribe-patagonico\/"]}]},{"@type":"ImageObject","inLanguage":"es-AR","@id":"https:\/\/turismoporlahistoria.com\/index.php\/2020\/12\/31\/las-grutas-el-caribe-patagonico\/#primaryimage","url":"https:\/\/turismoporlahistoria.com\/wp-content\/uploads\/2020\/12\/Las-Grutas-9b.jpg","contentUrl":"https:\/\/turismoporlahistoria.com\/wp-content\/uploads\/2020\/12\/Las-Grutas-9b.jpg","width":1200,"height":900},{"@type":"BreadcrumbList","@id":"https:\/\/turismoporlahistoria.com\/index.php\/2020\/12\/31\/las-grutas-el-caribe-patagonico\/#breadcrumb","itemListElement":[{"@type":"ListItem","position":1,"name":"Inicio","item":"https:\/\/turismoporlahistoria.com\/"},{"@type":"ListItem","position":2,"name":"Las Grutas: el caribe patag\u00f3nico"}]},{"@type":"WebSite","@id":"https:\/\/turismoporlahistoria.com\/#website","url":"https:\/\/turismoporlahistoria.com\/","name":"Turismo por la historia","description":"Blog de viajes, turismo e historias del mundo.","publisher":{"@id":"https:\/\/turismoporlahistoria.com\/#\/schema\/person\/ed451a002eab77b23fc32e6ccb2b867f"},"potentialAction":[{"@type":"SearchAction","target":{"@type":"EntryPoint","urlTemplate":"https:\/\/turismoporlahistoria.com\/?s={search_term_string}"},"query-input":{"@type":"PropertyValueSpecification","valueRequired":true,"valueName":"search_term_string"}}],"inLanguage":"es-AR"},{"@type":["Person","Organization"],"@id":"https:\/\/turismoporlahistoria.com\/#\/schema\/person\/ed451a002eab77b23fc32e6ccb2b867f","name":"Julio Fernandez","image":{"@type":"ImageObject","inLanguage":"es-AR","@id":"https:\/\/turismoporlahistoria.com\/wp-content\/uploads\/2020\/12\/Logo-solo.png","url":"https:\/\/turismoporlahistoria.com\/wp-content\/uploads\/2020\/12\/Logo-solo.png","contentUrl":"https:\/\/turismoporlahistoria.com\/wp-content\/uploads\/2020\/12\/Logo-solo.png","width":196,"height":194,"caption":"Julio Fernandez"},"logo":{"@id":"https:\/\/turismoporlahistoria.com\/wp-content\/uploads\/2020\/12\/Logo-solo.png"},"sameAs":["http:\/\/turismoporlahistoria.com"]}]}},"_links":{"self":[{"href":"https:\/\/turismoporlahistoria.com\/index.php\/wp-json\/wp\/v2\/posts\/579","targetHints":{"allow":["GET"]}}],"collection":[{"href":"https:\/\/turismoporlahistoria.com\/index.php\/wp-json\/wp\/v2\/posts"}],"about":[{"href":"https:\/\/turismoporlahistoria.com\/index.php\/wp-json\/wp\/v2\/types\/post"}],"author":[{"embeddable":true,"href":"https:\/\/turismoporlahistoria.com\/index.php\/wp-json\/wp\/v2\/users\/1"}],"replies":[{"embeddable":true,"href":"https:\/\/turismoporlahistoria.com\/index.php\/wp-json\/wp\/v2\/comments?post=579"}],"version-history":[{"count":26,"href":"https:\/\/turismoporlahistoria.com\/index.php\/wp-json\/wp\/v2\/posts\/579\/revisions"}],"predecessor-version":[{"id":700,"href":"https:\/\/turismoporlahistoria.com\/index.php\/wp-json\/wp\/v2\/posts\/579\/revisions\/700"}],"wp:featuredmedia":[{"embeddable":true,"href":"https:\/\/turismoporlahistoria.com\/index.php\/wp-json\/wp\/v2\/media\/594"}],"wp:attachment":[{"href":"https:\/\/turismoporlahistoria.com\/index.php\/wp-json\/wp\/v2\/media?parent=579"}],"wp:term":[{"taxonomy":"category","embeddable":true,"href":"https:\/\/turismoporlahistoria.com\/index.php\/wp-json\/wp\/v2\/categories?post=579"},{"taxonomy":"post_tag","embeddable":true,"href":"https:\/\/turismoporlahistoria.com\/index.php\/wp-json\/wp\/v2\/tags?post=579"}],"curies":[{"name":"wp","href":"https:\/\/api.w.org\/{rel}","templated":true}]}}